{"id":688,"date":"2025-04-23T21:28:45","date_gmt":"2025-04-23T20:28:45","guid":{"rendered":"https:\/\/zupemljet.com\/?p=688"},"modified":"2025-04-23T21:30:17","modified_gmt":"2025-04-23T20:30:17","slug":"djecji-zbor-mljetski-slavuji-prvi-put-uvelicao-sv-misu-na-uskrs-u-govedarima","status":"publish","type":"post","link":"https:\/\/zupemljet.com\/index.php\/2025\/04\/23\/djecji-zbor-mljetski-slavuji-prvi-put-uvelicao-sv-misu-na-uskrs-u-govedarima\/","title":{"rendered":"Dje\u010dji zbor &#8220;Mljetski Slavuji&#8221; prvi put uveli\u010dao sv. misu na Uskrs u Gove\u0111arima"},"content":{"rendered":"\n<figure class=\"wp-block-image size-full\"><img fetchpriority=\"high\" decoding=\"async\" width=\"800\" height=\"577\" src=\"https:\/\/zupemljet.com\/wp-content\/uploads\/2025\/04\/mljetski-slavuji-2.jpg\" alt=\"\" class=\"wp-image-689\" srcset=\"https:\/\/zupemljet.com\/wp-content\/uploads\/2025\/04\/mljetski-slavuji-2.jpg 800w, https:\/\/zupemljet.com\/wp-content\/uploads\/2025\/04\/mljetski-slavuji-2-300x216.jpg 300w, https:\/\/zupemljet.com\/wp-content\/uploads\/2025\/04\/mljetski-slavuji-2-768x554.jpg 768w\" sizes=\"(max-width: 800px) 100vw, 800px\" \/><\/figure>\n\n\n\n<p><\/p>\n\n\n\n<p>Na Uskrs, 20. travnja 2025., u kapeli Svih Svetih u Gove\u0111arima, slavlje svete mise u 12:00 sati bilo je posebno radosno i dirljivo. Po prvi put, svoj glas i srce Gospodinu su uz pjesmu uzdigli <strong>Dje\u010dji zbor &#8220;Mljetski Slavuji&#8221; Velike Gospe Gove\u0111ari<\/strong>, \u010diji su \u010dlanovi svojim pjevanjem odu\u0161evili sve prisutne.<\/p>\n\n\n\n<p>Zbor, sastavljen od djece na\u0161e \u017eupe, svojim je \u010distim, iskrenim i radosnim glasovima unio posebnu \u017eivost i sve\u010danost u misno slavlje. Svi prisutni vjernici s osmijehom su do\u010dekali svaki stih koji su mali pjeva\u010di izveli. Nema sumnje \u2013 &#8220;Mljetski Slavuji&#8221; su svojim pjevanjem <strong>neizmjerno uzveli\u010dali slavlje Uskrsnu\u0107a Gospodinova<\/strong> te donijeli radost i toplinu u srca svih okupljenih.<\/p>\n\n\n\n<p>Ono \u0161to ovu nedjelju \u010dini jo\u0161 posebnijom jest \u010dinjenica da je zbor <strong>po\u010deo s probama tek prije mjesec dana<\/strong>, \u0161to \u010dini njihov nastup jo\u0161 ve\u0107im i ljep\u0161im iznena\u0111enjem. U tako kratkom vremenu, uz trud i predanost djece i voditelja zbora Zorana, uspjeli su pripremiti program koji je nadma\u0161io sva o\u010dekivanja.<\/p>\n\n\n\n<p>Zahvaljujemo svim roditeljima, \u017eupljanima i posebno malim slavujima na njihovoj spremnosti da svoj talent i vrijeme daruju za slavu Bo\u017eju. Neka ovaj Uskrs ostane u na\u0161im srcima kao po\u010detak jedne nove, glazbom obasjane tradicije u na\u0161oj \u017eupi.<\/p>\n\n\n\n<p><strong>Mljetski Slavuji \u2013 hvala vam \u0161to ste pjevali Bogu i s Bogom!<\/strong><\/p>\n","protected":false},"excerpt":{"rendered":"<p>Na Uskrs, 20. travnja 2025., u kapeli Svih Svetih u Gove\u0111arima, slavlje svete mise u 12:00 sati bilo je posebno radosno i dirljivo. Po prvi put, svoj glas i srce Gospodinu su uz pjesmu uzdigli Dje\u010dji zbor &#8220;Mljetski Slavuji&#8221; Velike Gospe Gove\u0111ari, \u010diji su \u010dlanovi svojim pjevanjem odu\u0161evili sve prisutne. Zbor, sastavljen od djece na\u0161e \u017eupe, svojim je \u010distim, iskrenim i radosnim glasovima unio posebnu \u017eivost i sve\u010danost u misno slavlje. Svi prisutni vjernici s osmijehom su do\u010dekali svaki stih koji su mali pjeva\u010di izveli. Nema sumnje \u2013 &#8220;Mljetski Slavuji&#8221; su svojim pjevanjem neizmjerno uzveli\u010dali slavlje Uskrsnu\u0107a Gospodinova te donijeli radost i toplinu u srca svih okupljenih. Ono \u0161to ovu nedjelju \u010dini jo\u0161 posebnijom jest \u010dinjenica da je zbor po\u010deo s probama tek prije mjesec dana, \u0161to \u010dini njihov nastup jo\u0161 ve\u0107im i ljep\u0161im iznena\u0111enjem. U tako kratkom vremenu, uz trud i predanost djece i voditelja zbora Zorana, uspjeli su pripremiti program koji je nadma\u0161io sva o\u010dekivanja. Zahvaljujemo svim roditeljima, \u017eupljanima i posebno malim slavujima na njihovoj spremnosti da svoj talent i vrijeme daruju za slavu Bo\u017eju. Neka ovaj Uskrs ostane u na\u0161im srcima kao po\u010detak jedne nove, glazbom obasjane tradicije u na\u0161oj \u017eupi. Mljetski Slavuji \u2013 hvala vam \u0161to ste pjevali Bogu i s Bogom!<\/p>\n","protected":false},"author":1,"featured_media":689,"comment_status":"open","ping_status":"open","sticky":false,"template":"","format":"standard","meta":{"footnotes":""},"categories":[1],"tags":[],"class_list":["post-688","post","type-post","status-publish","format-standard","has-post-thumbnail","hentry","category-uncategorized"],"acf":[],"_links":{"self":[{"href":"https:\/\/zupemljet.com\/index.php\/wp-json\/wp\/v2\/posts\/688","targetHints":{"allow":["GET"]}}],"collection":[{"href":"https:\/\/zupemljet.com\/index.php\/wp-json\/wp\/v2\/posts"}],"about":[{"href":"https:\/\/zupemljet.com\/index.php\/wp-json\/wp\/v2\/types\/post"}],"author":[{"embeddable":true,"href":"https:\/\/zupemljet.com\/index.php\/wp-json\/wp\/v2\/users\/1"}],"replies":[{"embeddable":true,"href":"https:\/\/zupemljet.com\/index.php\/wp-json\/wp\/v2\/comments?post=688"}],"version-history":[{"count":1,"href":"https:\/\/zupemljet.com\/index.php\/wp-json\/wp\/v2\/posts\/688\/revisions"}],"predecessor-version":[{"id":690,"href":"https:\/\/zupemljet.com\/index.php\/wp-json\/wp\/v2\/posts\/688\/revisions\/690"}],"wp:featuredmedia":[{"embeddable":true,"href":"https:\/\/zupemljet.com\/index.php\/wp-json\/wp\/v2\/media\/689"}],"wp:attachment":[{"href":"https:\/\/zupemljet.com\/index.php\/wp-json\/wp\/v2\/media?parent=688"}],"wp:term":[{"taxonomy":"category","embeddable":true,"href":"https:\/\/zupemljet.com\/index.php\/wp-json\/wp\/v2\/categories?post=688"},{"taxonomy":"post_tag","embeddable":true,"href":"https:\/\/zupemljet.com\/index.php\/wp-json\/wp\/v2\/tags?post=688"}],"curies":[{"name":"wp","href":"https:\/\/api.w.org\/{rel}","templated":true}]}}