{"id":729,"date":"2025-05-12T21:28:29","date_gmt":"2025-05-12T20:28:29","guid":{"rendered":"https:\/\/zupemljet.com\/?p=729"},"modified":"2025-05-12T21:31:50","modified_gmt":"2025-05-12T20:31:50","slug":"prva-sveta-pricest-u-zupnoj-crkvi-sv-pavla-u-babinom-polju","status":"publish","type":"post","link":"https:\/\/zupemljet.com\/index.php\/2025\/05\/12\/prva-sveta-pricest-u-zupnoj-crkvi-sv-pavla-u-babinom-polju\/","title":{"rendered":"Prva sveta pri\u010dest u \u017eupnoj crkvi sv. Pavla u Babinom Polju"},"content":{"rendered":"\n<p>U nedjelju, 11. svibnja 2025., u \u017eupnoj crkvi sv. Pavla u Babinom Polju sve\u010dano je proslavljena Prva sveta pri\u010dest na svetoj misi u 10 sati. Ovaj poseban i radostan dan obilje\u017eilo je 23 djece \u2013 &nbsp;12 prvopri\u010desnika i 11 prvopri\u010desnica \u2013 iz tri \u017eupe otoka Mljeta.<\/p>\n\n\n\n<p>Iz \u017eupe sv. Antuna Opata pristupilo je troje prvopri\u010desnika, iz \u017eupe Velike Gospe u Gove\u0111arima petero, dok su ostali prvopri\u010desnici pripadali \u017eupi sv. Vlaha. Svi su s rado\u0161\u0107u i dostojanstveno pristupili svetom sakramentu, uz molitvu, pjesmu i zahvalnost.<\/p>\n\n\n\n<p>U ovom va\u017enom trenutku uz djecu su bili njihovi roditelji, bake i djedovi, rodbina s otoka i kopna te brojni vjernici sa cijelog Mljeta koji su ispunili crkvu rado\u0161\u0107u i zajedni\u0161tvom.<\/p>\n\n\n\n<p>Sve\u010dano misno slavlje glazbom i pjesmom dodatno je uljep\u0161ao \u017eupni zbor sv. Pavla, koji je s puno srca pjevao i svirao tijekom cijele mise, doprinose\u0107i molitvenoj i sve\u010danoj atmosferi.<\/p>\n\n\n\n<p>Na kraju misnog slavlja, \u017eupnik je uputio iskrene \u010destitke svim prvopri\u010desnicima i njihovim obiteljima, a posebno je \u010destitao\u00a0 i Maj\u010din dan koji se tako\u0111er slavio istog dana. Zahvalio je majkama prvopri\u010desnika koje su marljivo o\u010distile crkvu za ovu prigodu, a posebnu zahvalu uputio je g\u0111i. Niki Klobasa na ki\u0107enju unutra\u0161njosti crkve prekrasnim cvije\u0107em, kao i na tome \u0161to je sa\u0161ila platno za klupe u kojima su sjedili prvopri\u010desnici.<\/p>\n\n\n\n<p>Nakon mise, vjernici su se zadr\u017eali u ugodnom dru\u017eenju ispred crkve uz kola\u010de i pi\u0107e koje su s ljubavlju pripremili roditelji prvopri\u010desnika. Sun\u010dan i topao proljetni dan dodatno je uljep\u0161ao ovo slavlje, koje \u0107e svima ostati u lijepom i zahvalnom sje\u0107anju.<\/p>\n\n\n\n<p>Neka Bo\u017eji blagoslov i dalje prati sve prvopri\u010desnike i njihove roditelje, da u vjeri, ljubavi i zajedni\u0161tvu rastu u Gospodinu kroz sve dane svog \u017eivota.<\/p>\n","protected":false},"excerpt":{"rendered":"<p>U nedjelju, 11. svibnja 2025., u \u017eupnoj crkvi sv. Pavla u Babinom Polju sve\u010dano je proslavljena Prva sveta pri\u010dest na svetoj misi u 10 sati. Ovaj poseban i radostan dan obilje\u017eilo je 23 djece \u2013 &nbsp;12 prvopri\u010desnika i 11 prvopri\u010desnica \u2013 iz tri \u017eupe otoka Mljeta. Iz \u017eupe sv. Antuna Opata pristupilo je troje prvopri\u010desnika, iz \u017eupe Velike Gospe u Gove\u0111arima petero, dok su ostali prvopri\u010desnici pripadali \u017eupi sv. Vlaha. Svi su s rado\u0161\u0107u i dostojanstveno pristupili svetom sakramentu, uz molitvu, pjesmu i zahvalnost. U ovom va\u017enom trenutku uz djecu su bili njihovi roditelji, bake i djedovi, rodbina s otoka i kopna te brojni vjernici sa cijelog Mljeta koji su ispunili crkvu rado\u0161\u0107u i zajedni\u0161tvom. Sve\u010dano misno slavlje glazbom i pjesmom dodatno je uljep\u0161ao \u017eupni zbor sv. Pavla, koji je s puno srca pjevao i svirao tijekom cijele mise, doprinose\u0107i molitvenoj i sve\u010danoj atmosferi. Na kraju misnog slavlja, \u017eupnik je uputio iskrene \u010destitke svim prvopri\u010desnicima i njihovim obiteljima, a posebno je \u010destitao\u00a0 i Maj\u010din dan koji se tako\u0111er slavio istog dana. Zahvalio je majkama prvopri\u010desnika koje su marljivo o\u010distile crkvu za ovu prigodu, a posebnu zahvalu uputio je g\u0111i. Niki Klobasa na ki\u0107enju unutra\u0161njosti crkve prekrasnim cvije\u0107em, kao i na tome \u0161to je sa\u0161ila platno za klupe u kojima su sjedili prvopri\u010desnici. Nakon mise, vjernici su se zadr\u017eali u ugodnom dru\u017eenju ispred crkve uz kola\u010de i pi\u0107e koje su s ljubavlju pripremili roditelji prvopri\u010desnika. Sun\u010dan i topao proljetni dan dodatno je uljep\u0161ao ovo slavlje, koje \u0107e svima ostati u lijepom i zahvalnom sje\u0107anju. Neka Bo\u017eji blagoslov i dalje prati sve prvopri\u010desnike i njihove roditelje, da u vjeri, ljubavi i zajedni\u0161tvu rastu u Gospodinu kroz sve dane svog \u017eivota.<\/p>\n","protected":false},"author":1,"featured_media":730,"comment_status":"open","ping_status":"open","sticky":false,"template":"","format":"standard","meta":{"footnotes":""},"categories":[1],"tags":[],"class_list":["post-729","post","type-post","status-publish","format-standard","has-post-thumbnail","hentry","category-uncategorized"],"acf":[],"_links":{"self":[{"href":"https:\/\/zupemljet.com\/index.php\/wp-json\/wp\/v2\/posts\/729","targetHints":{"allow":["GET"]}}],"collection":[{"href":"https:\/\/zupemljet.com\/index.php\/wp-json\/wp\/v2\/posts"}],"about":[{"href":"https:\/\/zupemljet.com\/index.php\/wp-json\/wp\/v2\/types\/post"}],"author":[{"embeddable":true,"href":"https:\/\/zupemljet.com\/index.php\/wp-json\/wp\/v2\/users\/1"}],"replies":[{"embeddable":true,"href":"https:\/\/zupemljet.com\/index.php\/wp-json\/wp\/v2\/comments?post=729"}],"version-history":[{"count":2,"href":"https:\/\/zupemljet.com\/index.php\/wp-json\/wp\/v2\/posts\/729\/revisions"}],"predecessor-version":[{"id":732,"href":"https:\/\/zupemljet.com\/index.php\/wp-json\/wp\/v2\/posts\/729\/revisions\/732"}],"wp:featuredmedia":[{"embeddable":true,"href":"https:\/\/zupemljet.com\/index.php\/wp-json\/wp\/v2\/media\/730"}],"wp:attachment":[{"href":"https:\/\/zupemljet.com\/index.php\/wp-json\/wp\/v2\/media?parent=729"}],"wp:term":[{"taxonomy":"category","embeddable":true,"href":"https:\/\/zupemljet.com\/index.php\/wp-json\/wp\/v2\/categories?post=729"},{"taxonomy":"post_tag","embeddable":true,"href":"https:\/\/zupemljet.com\/index.php\/wp-json\/wp\/v2\/tags?post=729"}],"curies":[{"name":"wp","href":"https:\/\/api.w.org\/{rel}","templated":true}]}}