{"id":803,"date":"2025-09-06T21:33:28","date_gmt":"2025-09-06T20:33:28","guid":{"rendered":"https:\/\/zupemljet.com\/?p=803"},"modified":"2025-09-06T21:45:21","modified_gmt":"2025-09-06T20:45:21","slug":"nova-ulazna-vrata-u-zupnoj-crkvi-sv-pavla","status":"publish","type":"post","link":"https:\/\/zupemljet.com\/index.php\/2025\/09\/06\/nova-ulazna-vrata-u-zupnoj-crkvi-sv-pavla\/","title":{"rendered":"Nova ulazna vrata u \u017eupnoj crkvi sv. Pavla"},"content":{"rendered":"\n<p>Na\u0161a \u017eupna crkva sv. Pavla zasjala je u novom ruhu \u2013 6. rujna 2025. postavljena su nova drvena ulazna vrata. Ona nisu samo tehni\u010dka nu\u017enost, nego i sna\u017ean znak: kroz njih ulazimo u sveti prostor u kojem se kao zajednica susre\u0107emo s Bogom. Stara vrata bila su u potpunosti dotrajala \u2013 vi\u0161e se nisu mogla pravilno zatvarati, a prijetila je i opasnost da se uru\u0161e.<\/p>\n\n\n\n<p>Zbog toga je bilo nu\u017eno pristupiti njihovoj zamjeni. Kako bi se sa\u010duvala ljepota i izvorni izgled crkve, nova vrata izra\u0111ena su u istom obliku i s istim dizajnom kao i stara, \u010dime je zadr\u017ean kontinuitet i duh na\u0161e \u017eupne zajednice. Ugradnja ovih vrata bila je preduvjet da bi se mogli nastaviti svi ostali potrebni zahvati unutar crkve.<\/p>\n\n\n\n<p>\u00a0Posebnu zahvalnost dugujemo \u017eupljanima \u017eupe sv. Vlaha, koji su svojim nesebi\u010dnim darivanjem pomogli u prikupljanju  potrebnih nov\u010danih sredstava. Tako ova vrata nisu samo drvo i \u017eeljezo, nego djelo zajedni\u010dke vjere, ljubavi i odgovornosti. Sada, kada kro\u010dimo kroz nova vrata, \u010dinimo to s ponosom i rado\u0161\u0107u, svjesni da ona svjedo\u010de o na\u0161oj brizi za ljepotu i dostojanstvo Bo\u017ejeg doma. Ona nas podsje\u0107aju da je svaki na\u0161 ulazak u crkvu ulazak u susret s Kristom, koji sam za sebe ka\u017ee: <em>\u201cJa sam vrata. Kroza me tko u\u0111e, spasit \u0107e se\u201d (Iv 10, 9).<\/em> Ona su znak da kao bra\u0107a i sestre \u017eelimo graditi Crkvu \u017eivim kamenjem \u2013 svojim srcima i \u017eivotima.<\/p>\n\n\n\n<p>Zahvaljujemo svim vjernicima koji su svojim nov\u010danim prilozima omogu\u0107ili ovu obnovu, kao i svima koji su pomogli vlastitim radom u postavljanju vrata. Tako\u0111er, zahvaljujemo svima koje mole za na\u0161u \u017eupnu zajednicu. Neka ova vrata budu blagoslov svima koji kroz njih ulaze \u2013 da u Crkvi prona\u0111u mir, snagu i zajedni\u0161tvo u Gospodinu.<\/p>\n","protected":false},"excerpt":{"rendered":"<p>Na\u0161a \u017eupna crkva sv. Pavla zasjala je u novom ruhu \u2013 6. rujna 2025. postavljena su nova drvena ulazna vrata. Ona nisu samo tehni\u010dka nu\u017enost, nego i sna\u017ean znak: kroz njih ulazimo u sveti prostor u kojem se kao zajednica susre\u0107emo s Bogom. Stara vrata bila su u potpunosti dotrajala \u2013 vi\u0161e se nisu mogla pravilno zatvarati, a prijetila je i opasnost da se uru\u0161e. Zbog toga je bilo nu\u017eno pristupiti njihovoj zamjeni. Kako bi se sa\u010duvala ljepota i izvorni izgled crkve, nova vrata izra\u0111ena su u istom obliku i s istim dizajnom kao i stara, \u010dime je zadr\u017ean kontinuitet i duh na\u0161e \u017eupne zajednice. Ugradnja ovih vrata bila je preduvjet da bi se mogli nastaviti svi ostali potrebni zahvati unutar crkve. \u00a0Posebnu zahvalnost dugujemo \u017eupljanima \u017eupe sv. Vlaha, koji su svojim nesebi\u010dnim darivanjem pomogli u prikupljanju potrebnih nov\u010danih sredstava. Tako ova vrata nisu samo drvo i \u017eeljezo, nego djelo zajedni\u010dke vjere, ljubavi i odgovornosti. Sada, kada kro\u010dimo kroz nova vrata, \u010dinimo to s ponosom i rado\u0161\u0107u, svjesni da ona svjedo\u010de o na\u0161oj brizi za ljepotu i dostojanstvo Bo\u017ejeg doma. Ona nas podsje\u0107aju da je svaki na\u0161 ulazak u crkvu ulazak u susret s Kristom, koji sam za sebe ka\u017ee: \u201cJa sam vrata. Kroza me tko u\u0111e, spasit \u0107e se\u201d (Iv 10, 9). Ona su znak da kao bra\u0107a i sestre \u017eelimo graditi Crkvu \u017eivim kamenjem \u2013 svojim srcima i \u017eivotima. Zahvaljujemo svim vjernicima koji su svojim nov\u010danim prilozima omogu\u0107ili ovu obnovu, kao i svima koji su pomogli vlastitim radom u postavljanju vrata. Tako\u0111er, zahvaljujemo svima koje mole za na\u0161u \u017eupnu zajednicu. Neka ova vrata budu blagoslov svima koji kroz njih ulaze \u2013 da u Crkvi prona\u0111u mir, snagu i zajedni\u0161tvo u Gospodinu.<\/p>\n","protected":false},"author":1,"featured_media":804,"comment_status":"open","ping_status":"open","sticky":false,"template":"","format":"standard","meta":{"footnotes":""},"categories":[1],"tags":[],"class_list":["post-803","post","type-post","status-publish","format-standard","has-post-thumbnail","hentry","category-uncategorized"],"acf":[],"_links":{"self":[{"href":"https:\/\/zupemljet.com\/index.php\/wp-json\/wp\/v2\/posts\/803","targetHints":{"allow":["GET"]}}],"collection":[{"href":"https:\/\/zupemljet.com\/index.php\/wp-json\/wp\/v2\/posts"}],"about":[{"href":"https:\/\/zupemljet.com\/index.php\/wp-json\/wp\/v2\/types\/post"}],"author":[{"embeddable":true,"href":"https:\/\/zupemljet.com\/index.php\/wp-json\/wp\/v2\/users\/1"}],"replies":[{"embeddable":true,"href":"https:\/\/zupemljet.com\/index.php\/wp-json\/wp\/v2\/comments?post=803"}],"version-history":[{"count":2,"href":"https:\/\/zupemljet.com\/index.php\/wp-json\/wp\/v2\/posts\/803\/revisions"}],"predecessor-version":[{"id":807,"href":"https:\/\/zupemljet.com\/index.php\/wp-json\/wp\/v2\/posts\/803\/revisions\/807"}],"wp:featuredmedia":[{"embeddable":true,"href":"https:\/\/zupemljet.com\/index.php\/wp-json\/wp\/v2\/media\/804"}],"wp:attachment":[{"href":"https:\/\/zupemljet.com\/index.php\/wp-json\/wp\/v2\/media?parent=803"}],"wp:term":[{"taxonomy":"category","embeddable":true,"href":"https:\/\/zupemljet.com\/index.php\/wp-json\/wp\/v2\/categories?post=803"},{"taxonomy":"post_tag","embeddable":true,"href":"https:\/\/zupemljet.com\/index.php\/wp-json\/wp\/v2\/tags?post=803"}],"curies":[{"name":"wp","href":"https:\/\/api.w.org\/{rel}","templated":true}]}}